{"id":471,"date":"2024-11-02T13:11:31","date_gmt":"2024-11-02T13:11:31","guid":{"rendered":"https:\/\/www.michael-schneider.be\/kalender\/?p=471"},"modified":"2024-01-16T13:12:41","modified_gmt":"2024-01-16T13:12:41","slug":"orgelmusik-71","status":"publish","type":"post","link":"https:\/\/www.michael-schneider.be\/kalender\/2024\/11\/02\/orgelmusik-71\/","title":{"rendered":"Orgelmusik"},"content":{"rendered":"\n<p class=\"has-text-align-center\"><strong>J.Pachelbel<\/strong>: Toccata in C<\/p>\n\n\n\n<p class=\"has-text-align-center\"><strong>J.N.Hanff<\/strong>: Auf meinen lieben Gott<\/p>\n\n\n\n<p class=\"has-text-align-center\">Ach Gott vom Himmel sie darein<\/p>\n\n\n\n<p class=\"has-text-align-center\"><strong>J.Ch.Bach<\/strong>: Pr\u00e4ludium in Es Dur<\/p>\n\n\n\n<p class=\"has-text-align-center\"><strong>G.B\u00f6hm<\/strong>: Partita: Jesu du bist allzu sch\u00f6ne<\/p>\n","protected":false},"excerpt":{"rendered":"<p>J.Pachelbel: Toccata in C J.N.Hanff: Auf meinen lieben Gott Ach Gott vom Himmel sie darein J.Ch.Bach: Pr\u00e4ludium in Es Dur G.B\u00f6hm: Partita: Jesu du bist allzu sch\u00f6ne<\/p>\n","protected":false},"author":2,"featured_media":284,"comment_status":"open","ping_status":"open","sticky":false,"template":"","format":"standard","meta":{"footnotes":""},"categories":[4],"tags":[],"class_list":["post-471","post","type-post","status-publish","format-standard","has-post-thumbnail","hentry","category-troisvierges"],"_links":{"self":[{"href":"https:\/\/www.michael-schneider.be\/kalender\/wp-json\/wp\/v2\/posts\/471","targetHints":{"allow":["GET"]}}],"collection":[{"href":"https:\/\/www.michael-schneider.be\/kalender\/wp-json\/wp\/v2\/posts"}],"about":[{"href":"https:\/\/www.michael-schneider.be\/kalender\/wp-json\/wp\/v2\/types\/post"}],"author":[{"embeddable":true,"href":"https:\/\/www.michael-schneider.be\/kalender\/wp-json\/wp\/v2\/users\/2"}],"replies":[{"embeddable":true,"href":"https:\/\/www.michael-schneider.be\/kalender\/wp-json\/wp\/v2\/comments?post=471"}],"version-history":[{"count":1,"href":"https:\/\/www.michael-schneider.be\/kalender\/wp-json\/wp\/v2\/posts\/471\/revisions"}],"predecessor-version":[{"id":472,"href":"https:\/\/www.michael-schneider.be\/kalender\/wp-json\/wp\/v2\/posts\/471\/revisions\/472"}],"wp:featuredmedia":[{"embeddable":true,"href":"https:\/\/www.michael-schneider.be\/kalender\/wp-json\/wp\/v2\/media\/284"}],"wp:attachment":[{"href":"https:\/\/www.michael-schneider.be\/kalender\/wp-json\/wp\/v2\/media?parent=471"}],"wp:term":[{"taxonomy":"category","embeddable":true,"href":"https:\/\/www.michael-schneider.be\/kalender\/wp-json\/wp\/v2\/categories?post=471"},{"taxonomy":"post_tag","embeddable":true,"href":"https:\/\/www.michael-schneider.be\/kalender\/wp-json\/wp\/v2\/tags?post=471"}],"curies":[{"name":"wp","href":"https:\/\/api.w.org\/{rel}","templated":true}]}}